{"id":3046,"date":"2020-06-26T21:54:57","date_gmt":"2020-06-27T00:54:57","guid":{"rendered":"http:\/\/universidadedacapoeira.com\/?p=3046"},"modified":"2023-02-06T18:52:58","modified_gmt":"2023-02-06T21:52:58","slug":"capoeira-mestre-ase-dudu-faustino-luiz-couto-teixeira-homenagem-fraternal-tiguera-328-juiz-de-fora-minas-gerais-mg-brasil-registro-de-capoeira-estrela-dalva-artista-plastica-e-cineasta-salet-2","status":"publish","type":"post","link":"https:\/\/universidadedacapoeira.com\/index.php\/2020\/06\/26\/capoeira-mestre-ase-dudu-faustino-luiz-couto-teixeira-homenagem-fraternal-tiguera-328-juiz-de-fora-minas-gerais-mg-brasil-registro-de-capoeira-estrela-dalva-artista-plastica-e-cineasta-salet-2\/","title":{"rendered":"Universidade Livre de Estudos Culturais da Capoeira &#8211; Universidade da Capoeira &#8211; UNICAPOEIRA, Instituto de Educa\u00e7\u00e3o Socioambiental &#8211; IESAMBI, Associa\u00e7\u00e3o de Capoeira &#8211; ASCA e Grupo de Capoeira MEIA LUA &#8211; Fundado em 29 de Maio de 1962. Capoeira Mestre As\u00e9 Dud\u00fa &#8211; Faustino Luiz Couto Teixeira: Homenagem Fraternal. Tig\u00fcera 328, Juiz de Fora, Minas Gerais\/MG, Brasil. Registro de Capoeira Estrela Dalva &#8211; Artista Pl\u00e1stica e Cineasta Salete Libardoni. IMG_3733. 164,7 MB. 20h25. 11 de junho de 2020."},"content":{"rendered":"\n<figure class=\"wp-block-embed is-type-video is-provider-youtube wp-block-embed-youtube wp-embed-aspect-16-9 wp-has-aspect-ratio\"><div class=\"wp-block-embed__wrapper\">\n<iframe loading=\"lazy\" title=\"Capoeira Mestre As\u00e9 Dud\u00fa - Faustino Teixeira: Homenagem Fraternal. IMG_3733\/164,7 MB\/20h25. 11jun20\" width=\"500\" height=\"281\" src=\"https:\/\/www.youtube.com\/embed\/uO7AI1PS0Eo?feature=oembed\" frameborder=\"0\" allow=\"accelerometer; autoplay; clipboard-write; encrypted-media; gyroscope; picture-in-picture; web-share\" referrerpolicy=\"strict-origin-when-cross-origin\" allowfullscreen><\/iframe>\n<\/div><\/figure>\n","protected":false},"excerpt":{"rendered":"<p>Capoeira Mestre As\u00e9 Dud\u00fa &#8211; Faustino Luiz Couto Teixeira: Homenagem Fraternal. Tig\u00fcera 328, Juiz de Fora, Minas Gerais\/MG, Brasil. Registro de Capoeira Estrela Dalva &#8211; Artista Pl\u00e1stica e Cineasta Salete Libardoni. IMG_3733. 164,7 MB. 20h25. 11 de junho de 2020.<\/p>\n","protected":false},"author":2,"featured_media":3047,"comment_status":"open","ping_status":"open","sticky":false,"template":"","format":"video","meta":{"footnotes":""},"categories":[4741],"tags":[1620,1624,409,43,1616,1623,55,1617,42,290,1618],"class_list":["post-3046","post","type-post","status-publish","format-video","has-post-thumbnail","hentry","category-familia","tag-11-de-junho-de-2020","tag-164-7-mb","tag-20h25","tag-brasil","tag-homenagem-fraternal","tag-img_3733","tag-juiz-de-fora","tag-luiz-couto-teixeira","tag-minas-gerais-mg","tag-registro-de-capoeira-estrela-dalva-artista-plastica-e-cineasta-salete-libardoni","tag-tiguera-328","post_format-post-format-video"],"_links":{"self":[{"href":"https:\/\/universidadedacapoeira.com\/index.php\/wp-json\/wp\/v2\/posts\/3046","targetHints":{"allow":["GET"]}}],"collection":[{"href":"https:\/\/universidadedacapoeira.com\/index.php\/wp-json\/wp\/v2\/posts"}],"about":[{"href":"https:\/\/universidadedacapoeira.com\/index.php\/wp-json\/wp\/v2\/types\/post"}],"author":[{"embeddable":true,"href":"https:\/\/universidadedacapoeira.com\/index.php\/wp-json\/wp\/v2\/users\/2"}],"replies":[{"embeddable":true,"href":"https:\/\/universidadedacapoeira.com\/index.php\/wp-json\/wp\/v2\/comments?post=3046"}],"version-history":[{"count":2,"href":"https:\/\/universidadedacapoeira.com\/index.php\/wp-json\/wp\/v2\/posts\/3046\/revisions"}],"predecessor-version":[{"id":6094,"href":"https:\/\/universidadedacapoeira.com\/index.php\/wp-json\/wp\/v2\/posts\/3046\/revisions\/6094"}],"wp:featuredmedia":[{"embeddable":true,"href":"https:\/\/universidadedacapoeira.com\/index.php\/wp-json\/wp\/v2\/media\/3047"}],"wp:attachment":[{"href":"https:\/\/universidadedacapoeira.com\/index.php\/wp-json\/wp\/v2\/media?parent=3046"}],"wp:term":[{"taxonomy":"category","embeddable":true,"href":"https:\/\/universidadedacapoeira.com\/index.php\/wp-json\/wp\/v2\/categories?post=3046"},{"taxonomy":"post_tag","embeddable":true,"href":"https:\/\/universidadedacapoeira.com\/index.php\/wp-json\/wp\/v2\/tags?post=3046"}],"curies":[{"name":"wp","href":"https:\/\/api.w.org\/{rel}","templated":true}]}}