{"id":3019,"date":"2020-06-26T20:04:28","date_gmt":"2020-06-26T23:04:28","guid":{"rendered":"http:\/\/universidadedacapoeira.com\/?p=3019"},"modified":"2023-02-06T19:00:23","modified_gmt":"2023-02-06T22:00:23","slug":"reuniao-pedagogica-uipp-unidade-de-internacao-do-plano-piloto-antes-caje-centro-de-atendimento-juvenil-especializado-quadra-916-asa-norte-brasilia-distrito-federal-df-brasil-registro-de-ca","status":"publish","type":"post","link":"https:\/\/universidadedacapoeira.com\/index.php\/2020\/06\/26\/reuniao-pedagogica-uipp-unidade-de-internacao-do-plano-piloto-antes-caje-centro-de-atendimento-juvenil-especializado-quadra-916-asa-norte-brasilia-distrito-federal-df-brasil-registro-de-ca\/","title":{"rendered":"Universidade Livre de Estudos Culturais da Capoeira &#8211; Universidade da Capoeira &#8211; UNICAPOEIRA, Instituto de Educa\u00e7\u00e3o Socioambiental &#8211; IESAMBI, Associa\u00e7\u00e3o de Capoeira &#8211; ASCA e Grupo de Capoeira MEIA LUA &#8211; Fundado em 29 de Maio de 1962. Reuni\u00e3o Pedag\u00f3gica: UIPP &#8211; Unidade de Interna\u00e7\u00e3o do Plano Piloto, Antes CAJE &#8211; Centro de Atendimento Juvenil Especializado. Quadra 916, Asa Norte, Bras\u00edlia, Distrito Federal\/DF, Brasil. Registro de Capoeira Mestre Pol\u00eamico &#8211; Professor Jo\u00e3o Couto Teixeira. IMG_7292. 75 MB. 15h13. 02 de maio de 2013."},"content":{"rendered":"\n<figure class=\"wp-block-embed is-type-video is-provider-youtube wp-block-embed-youtube wp-embed-aspect-16-9 wp-has-aspect-ratio\"><div class=\"wp-block-embed__wrapper\">\n<iframe loading=\"lazy\" title=\"Reuni\u00e3o Pedag\u00f3gica: UIPP - Unidade de Interna\u00e7\u00e3o do Plano Piloto\/DF. IMG_7292. 75 MB. 15h13. 02mai13\" width=\"500\" height=\"281\" src=\"https:\/\/www.youtube.com\/embed\/mxUX6-NHkiI?feature=oembed\" frameborder=\"0\" allow=\"accelerometer; autoplay; clipboard-write; encrypted-media; gyroscope; picture-in-picture; web-share\" referrerpolicy=\"strict-origin-when-cross-origin\" allowfullscreen><\/iframe>\n<\/div><\/figure>\n","protected":false},"excerpt":{"rendered":"<p>Reuni\u00e3o Pedag\u00f3gica: UIPP &#8211; Unidade de Interna\u00e7\u00e3o do Plano Piloto, Antes CAJE &#8211; Centro de Atendimento Juvenil Especializado. Quadra 916, Asa Norte, Bras\u00edlia, Distrito Federal\/DF, Brasil. Registro de Capoeira Mestre Pol\u00eamico &#8211; Professor Jo\u00e3o Couto Teixeira. IMG_7292. 75 MB. 15h13. 02 de maio de 2013.<\/p>\n","protected":false},"author":2,"featured_media":3020,"comment_status":"open","ping_status":"open","sticky":false,"template":"","format":"video","meta":{"footnotes":""},"categories":[4738],"tags":[1584,1583,1582,1578,1580,43,59,241,1581,1576,519,1579,1577],"class_list":["post-3019","post","type-post","status-publish","format-video","has-post-thumbnail","hentry","category-iesambi","tag-02-de-maio-de-2013","tag-15h13","tag-75-mb","tag-antes-caje-centro-de-atendimento-juvenil-especializado","tag-asa-norte","tag-brasil","tag-brasilia","tag-distrito-federal-df","tag-img_7292","tag-quadra-916","tag-registro-de-capoeira-mestre-polemico-professor-joao-couto-teixeira","tag-reuniao-pedagogica","tag-uipp-unidade-de-internacao-do-plano-piloto","post_format-post-format-video"],"_links":{"self":[{"href":"https:\/\/universidadedacapoeira.com\/index.php\/wp-json\/wp\/v2\/posts\/3019","targetHints":{"allow":["GET"]}}],"collection":[{"href":"https:\/\/universidadedacapoeira.com\/index.php\/wp-json\/wp\/v2\/posts"}],"about":[{"href":"https:\/\/universidadedacapoeira.com\/index.php\/wp-json\/wp\/v2\/types\/post"}],"author":[{"embeddable":true,"href":"https:\/\/universidadedacapoeira.com\/index.php\/wp-json\/wp\/v2\/users\/2"}],"replies":[{"embeddable":true,"href":"https:\/\/universidadedacapoeira.com\/index.php\/wp-json\/wp\/v2\/comments?post=3019"}],"version-history":[{"count":2,"href":"https:\/\/universidadedacapoeira.com\/index.php\/wp-json\/wp\/v2\/posts\/3019\/revisions"}],"predecessor-version":[{"id":6105,"href":"https:\/\/universidadedacapoeira.com\/index.php\/wp-json\/wp\/v2\/posts\/3019\/revisions\/6105"}],"wp:featuredmedia":[{"embeddable":true,"href":"https:\/\/universidadedacapoeira.com\/index.php\/wp-json\/wp\/v2\/media\/3020"}],"wp:attachment":[{"href":"https:\/\/universidadedacapoeira.com\/index.php\/wp-json\/wp\/v2\/media?parent=3019"}],"wp:term":[{"taxonomy":"category","embeddable":true,"href":"https:\/\/universidadedacapoeira.com\/index.php\/wp-json\/wp\/v2\/categories?post=3019"},{"taxonomy":"post_tag","embeddable":true,"href":"https:\/\/universidadedacapoeira.com\/index.php\/wp-json\/wp\/v2\/tags?post=3019"}],"curies":[{"name":"wp","href":"https:\/\/api.w.org\/{rel}","templated":true}]}}