{"id":2899,"date":"2020-06-26T09:34:47","date_gmt":"2020-06-26T12:34:47","guid":{"rendered":"http:\/\/universidadedacapoeira.com\/?p=2899"},"modified":"2023-02-06T19:24:35","modified_gmt":"2023-02-06T22:24:35","slug":"queimada-vizinhanca-sala-de-jantar-tiguera-360-juiz-de-fora-minas-gerais-mg-brasil-registro-de-capoeira-mestre-polemico-professor-joao-couto-teixeira-img_3185-123-mb-16h49-30-de-maio-de","status":"publish","type":"post","link":"https:\/\/universidadedacapoeira.com\/index.php\/2020\/06\/26\/queimada-vizinhanca-sala-de-jantar-tiguera-360-juiz-de-fora-minas-gerais-mg-brasil-registro-de-capoeira-mestre-polemico-professor-joao-couto-teixeira-img_3185-123-mb-16h49-30-de-maio-de\/","title":{"rendered":"Universidade Livre de Estudos Culturais da Capoeira &#8211; Universidade da Capoeira &#8211; UNICAPOEIRA, Instituto de Educa\u00e7\u00e3o Socioambiental &#8211; IESAMBI, Associa\u00e7\u00e3o de Capoeira &#8211; ASCA e Grupo de Capoeira MEIA LUA &#8211; Fundado em 29 de Maio de 1962. Queimada: Vizinhan\u00e7a. Sala de Jantar, Tig\u00fcera 360, Juiz de Fora, Minas Gerais\/MG, Brasil. Registro de Capoeira Mestre Pol\u00eamico &#8211; Professor Jo\u00e3o Couto Teixeira. IMG_3185. 12,3 MB. 16h49. 30 de maio de 2020."},"content":{"rendered":"\n<figure class=\"wp-block-embed is-type-video is-provider-youtube wp-block-embed-youtube wp-embed-aspect-16-9 wp-has-aspect-ratio\"><div class=\"wp-block-embed__wrapper\">\n<iframe loading=\"lazy\" title=\"Queimada: Morro. Tig\u00fcera 360, Juiz de Fora, Minas Gerais, Brasil. IMG_3185. 12,3 MB. 16h49. 30mai20\" width=\"500\" height=\"281\" src=\"https:\/\/www.youtube.com\/embed\/dIiuv7UqeAU?feature=oembed\" frameborder=\"0\" allow=\"accelerometer; autoplay; clipboard-write; encrypted-media; gyroscope; picture-in-picture; web-share\" referrerpolicy=\"strict-origin-when-cross-origin\" allowfullscreen><\/iframe>\n<\/div><\/figure>\n","protected":false},"excerpt":{"rendered":"<p>Queimada: Vizinhan\u00e7a. Sala de Jantar, Tig\u00fcera 360, Juiz de Fora, Minas Gerais\/MG, Brasil. Registro de Capoeira Mestre Pol\u00eamico &#8211; Professor Jo\u00e3o Couto Teixeira. IMG_3185. 12,3 MB. 16h49. 30 de maio de 2020.<\/p>\n","protected":false},"author":2,"featured_media":2900,"comment_status":"open","ping_status":"open","sticky":false,"template":"","format":"video","meta":{"footnotes":""},"categories":[4711],"tags":[1363,1364,1312,43,1362,55,42,1361,519,286,120,1347],"class_list":["post-2899","post","type-post","status-publish","format-video","has-post-thumbnail","hentry","category-tiguera-360","tag-12-3-mb","tag-16h49","tag-30-de-maio-de-2020","tag-brasil","tag-img_3185","tag-juiz-de-fora","tag-minas-gerais-mg","tag-queimada","tag-registro-de-capoeira-mestre-polemico-professor-joao-couto-teixeira","tag-sala-de-jantar","tag-tiguera-360","tag-vizinhanca","post_format-post-format-video"],"_links":{"self":[{"href":"https:\/\/universidadedacapoeira.com\/index.php\/wp-json\/wp\/v2\/posts\/2899","targetHints":{"allow":["GET"]}}],"collection":[{"href":"https:\/\/universidadedacapoeira.com\/index.php\/wp-json\/wp\/v2\/posts"}],"about":[{"href":"https:\/\/universidadedacapoeira.com\/index.php\/wp-json\/wp\/v2\/types\/post"}],"author":[{"embeddable":true,"href":"https:\/\/universidadedacapoeira.com\/index.php\/wp-json\/wp\/v2\/users\/2"}],"replies":[{"embeddable":true,"href":"https:\/\/universidadedacapoeira.com\/index.php\/wp-json\/wp\/v2\/comments?post=2899"}],"version-history":[{"count":2,"href":"https:\/\/universidadedacapoeira.com\/index.php\/wp-json\/wp\/v2\/posts\/2899\/revisions"}],"predecessor-version":[{"id":6150,"href":"https:\/\/universidadedacapoeira.com\/index.php\/wp-json\/wp\/v2\/posts\/2899\/revisions\/6150"}],"wp:featuredmedia":[{"embeddable":true,"href":"https:\/\/universidadedacapoeira.com\/index.php\/wp-json\/wp\/v2\/media\/2900"}],"wp:attachment":[{"href":"https:\/\/universidadedacapoeira.com\/index.php\/wp-json\/wp\/v2\/media?parent=2899"}],"wp:term":[{"taxonomy":"category","embeddable":true,"href":"https:\/\/universidadedacapoeira.com\/index.php\/wp-json\/wp\/v2\/categories?post=2899"},{"taxonomy":"post_tag","embeddable":true,"href":"https:\/\/universidadedacapoeira.com\/index.php\/wp-json\/wp\/v2\/tags?post=2899"}],"curies":[{"name":"wp","href":"https:\/\/api.w.org\/{rel}","templated":true}]}}