{"id":2896,"date":"2020-06-26T09:29:33","date_gmt":"2020-06-26T12:29:33","guid":{"rendered":"http:\/\/universidadedacapoeira.com\/?p=2896"},"modified":"2023-02-06T19:25:06","modified_gmt":"2023-02-06T22:25:06","slug":"trem-perdas-traficante-de-montanhas-de-ninas-ja-ficou-invisivel-quintal-alto-adubeira-tiguera-360-juiz-de-fora-minas-gerais-mg-brasil-registro-de-capoeira-mestre-polemico-professor-joao-c","status":"publish","type":"post","link":"https:\/\/universidadedacapoeira.com\/index.php\/2020\/06\/26\/trem-perdas-traficante-de-montanhas-de-ninas-ja-ficou-invisivel-quintal-alto-adubeira-tiguera-360-juiz-de-fora-minas-gerais-mg-brasil-registro-de-capoeira-mestre-polemico-professor-joao-c\/","title":{"rendered":"Universidade Livre de Estudos Culturais da Capoeira &#8211; Universidade da Capoeira &#8211; UNICAPOEIRA, Instituto de Educa\u00e7\u00e3o Socioambiental &#8211; IESAMBI, Associa\u00e7\u00e3o de Capoeira &#8211; ASCA e Grupo de Capoeira MEIA LUA &#8211; Fundado em 29 de Maio de 1962. Trem: Perdas. Traficante de Montanhas de Ninas &#8211; J\u00e1 Ficou Invis\u00edvel. Quintal Alto, Adubeira, Tig\u00fcera 360, Juiz de Fora, Minas Gerais\/MG, Brasil. Registro de Capoeira Mestre Pol\u00eamico &#8211; Professor Jo\u00e3o Couto Teixeira. IMG_3164. 114,2 MB. 07h22. 30 de maio de 2020."},"content":{"rendered":"\n<figure class=\"wp-block-embed is-type-video is-provider-youtube wp-block-embed-youtube wp-embed-aspect-16-9 wp-has-aspect-ratio\"><div class=\"wp-block-embed__wrapper\">\n<iframe loading=\"lazy\" title=\"Trem: Perdas. Tig\u00fcera 360, Juiz de Fora, Minas Gerais\/MG, Brasil. IMG_3164. 114,2 MB. 07h22. 30mai20\" width=\"500\" height=\"281\" src=\"https:\/\/www.youtube.com\/embed\/3JAeyXJlMlM?feature=oembed\" frameborder=\"0\" allow=\"accelerometer; autoplay; clipboard-write; encrypted-media; gyroscope; picture-in-picture; web-share\" referrerpolicy=\"strict-origin-when-cross-origin\" allowfullscreen><\/iframe>\n<\/div><\/figure>\n","protected":false},"excerpt":{"rendered":"<p>Trem: Perdas. Traficante de Montanhas de Ninas &#8211; J\u00e1 Ficou Invis\u00edvel. Quintal Alto, Adubeira, Tig\u00fcera 360, Juiz de Fora, Minas Gerais\/MG, Brasil. Registro de Capoeira Mestre Pol\u00eamico &#8211; Professor Jo\u00e3o Couto Teixeira. IMG_3164. 114,2 MB. 07h22. 30 de maio de 2020.<\/p>\n","protected":false},"author":2,"featured_media":2897,"comment_status":"open","ping_status":"open","sticky":false,"template":"","format":"video","meta":{"footnotes":""},"categories":[4711],"tags":[1360,1359,1312,975,43,1358,55,42,1356,908,519,120,1357,974],"class_list":["post-2896","post","type-post","status-publish","format-video","has-post-thumbnail","hentry","category-tiguera-360","tag-07h22","tag-114-2-mb","tag-30-de-maio-de-2020","tag-adubeira","tag-brasil","tag-img_3164","tag-juiz-de-fora","tag-minas-gerais-mg","tag-perdas","tag-quintal-alto","tag-registro-de-capoeira-mestre-polemico-professor-joao-couto-teixeira","tag-tiguera-360","tag-traficante-de-montanhas-de-ninas-ja-ficou-invisivel","tag-trem","post_format-post-format-video"],"_links":{"self":[{"href":"https:\/\/universidadedacapoeira.com\/index.php\/wp-json\/wp\/v2\/posts\/2896","targetHints":{"allow":["GET"]}}],"collection":[{"href":"https:\/\/universidadedacapoeira.com\/index.php\/wp-json\/wp\/v2\/posts"}],"about":[{"href":"https:\/\/universidadedacapoeira.com\/index.php\/wp-json\/wp\/v2\/types\/post"}],"author":[{"embeddable":true,"href":"https:\/\/universidadedacapoeira.com\/index.php\/wp-json\/wp\/v2\/users\/2"}],"replies":[{"embeddable":true,"href":"https:\/\/universidadedacapoeira.com\/index.php\/wp-json\/wp\/v2\/comments?post=2896"}],"version-history":[{"count":2,"href":"https:\/\/universidadedacapoeira.com\/index.php\/wp-json\/wp\/v2\/posts\/2896\/revisions"}],"predecessor-version":[{"id":6151,"href":"https:\/\/universidadedacapoeira.com\/index.php\/wp-json\/wp\/v2\/posts\/2896\/revisions\/6151"}],"wp:featuredmedia":[{"embeddable":true,"href":"https:\/\/universidadedacapoeira.com\/index.php\/wp-json\/wp\/v2\/media\/2897"}],"wp:attachment":[{"href":"https:\/\/universidadedacapoeira.com\/index.php\/wp-json\/wp\/v2\/media?parent=2896"}],"wp:term":[{"taxonomy":"category","embeddable":true,"href":"https:\/\/universidadedacapoeira.com\/index.php\/wp-json\/wp\/v2\/categories?post=2896"},{"taxonomy":"post_tag","embeddable":true,"href":"https:\/\/universidadedacapoeira.com\/index.php\/wp-json\/wp\/v2\/tags?post=2896"}],"curies":[{"name":"wp","href":"https:\/\/api.w.org\/{rel}","templated":true}]}}