{"id":2890,"date":"2020-06-26T09:16:38","date_gmt":"2020-06-26T12:16:38","guid":{"rendered":"http:\/\/universidadedacapoeira.com\/?p=2890"},"modified":"2023-02-06T19:26:23","modified_gmt":"2023-02-06T22:26:23","slug":"vizinhanca-quintal-futuro-salao-garagem-tiguera-360-juiz-de-fora-minas-gerais-mg-brasil-registro-de-capoeira-mestre-polemico-professor-joao-couto-teixeira-img_3117-1498-mb-07h56-29-de","status":"publish","type":"post","link":"https:\/\/universidadedacapoeira.com\/index.php\/2020\/06\/26\/vizinhanca-quintal-futuro-salao-garagem-tiguera-360-juiz-de-fora-minas-gerais-mg-brasil-registro-de-capoeira-mestre-polemico-professor-joao-couto-teixeira-img_3117-1498-mb-07h56-29-de\/","title":{"rendered":"Universidade Livre de Estudos Culturais da Capoeira &#8211; Universidade da Capoeira &#8211; UNICAPOEIRA, Instituto de Educa\u00e7\u00e3o Socioambiental &#8211; IESAMBI, Associa\u00e7\u00e3o de Capoeira &#8211; ASCA e Grupo de Capoeira MEIA LUA &#8211; Fundado em 29 de Maio de 1962. Vizinhan\u00e7a: Quintal. Futuro Sal\u00e3o &#8211; Garagem. Tig\u00fcera 360, Juiz de Fora, Minas Gerais\/MG, Brasil. Registro de Capoeira Mestre Pol\u00eamico &#8211; Professor Jo\u00e3o Couto Teixeira. IMG_3117. 149,8 MB. 07h56. 29 de maio de 2020."},"content":{"rendered":"\n<figure class=\"wp-block-embed is-type-video is-provider-youtube wp-block-embed-youtube wp-embed-aspect-16-9 wp-has-aspect-ratio\"><div class=\"wp-block-embed__wrapper\">\n<iframe loading=\"lazy\" title=\"Vizinhan\u00e7a: Quintal. Futuro Sal\u00e3o - Garagem. Tig\u00fcera 360, Brasil. IMG_3117. 149,8 MB. 07h56. 29mai20\" width=\"500\" height=\"281\" src=\"https:\/\/www.youtube.com\/embed\/mYB2O6N_6c4?feature=oembed\" frameborder=\"0\" allow=\"accelerometer; autoplay; clipboard-write; encrypted-media; gyroscope; picture-in-picture; web-share\" referrerpolicy=\"strict-origin-when-cross-origin\" allowfullscreen><\/iframe>\n<\/div><\/figure>\n","protected":false},"excerpt":{"rendered":"<p>Vizinhan\u00e7a: Quintal. Futuro Sal\u00e3o &#8211; Garagem. Tig\u00fcera 360, Juiz de Fora, Minas Gerais\/MG, Brasil. Registro de Capoeira Mestre Pol\u00eamico &#8211; Professor Jo\u00e3o Couto Teixeira. IMG_3117. 149,8 MB. 07h56. 29 de maio de 2020.<\/p>\n","protected":false},"author":2,"featured_media":2891,"comment_status":"open","ping_status":"open","sticky":false,"template":"","format":"video","meta":{"footnotes":""},"categories":[4711],"tags":[1349,1350,1341,43,1345,1348,55,42,1346,519,120,1347],"class_list":["post-2890","post","type-post","status-publish","format-video","has-post-thumbnail","hentry","category-tiguera-360","tag-07h56","tag-149-8-mb","tag-29-de-maio-de-2020","tag-brasil","tag-futuro-salao-garagem","tag-img_3117","tag-juiz-de-fora","tag-minas-gerais-mg","tag-quintal","tag-registro-de-capoeira-mestre-polemico-professor-joao-couto-teixeira","tag-tiguera-360","tag-vizinhanca","post_format-post-format-video"],"_links":{"self":[{"href":"https:\/\/universidadedacapoeira.com\/index.php\/wp-json\/wp\/v2\/posts\/2890","targetHints":{"allow":["GET"]}}],"collection":[{"href":"https:\/\/universidadedacapoeira.com\/index.php\/wp-json\/wp\/v2\/posts"}],"about":[{"href":"https:\/\/universidadedacapoeira.com\/index.php\/wp-json\/wp\/v2\/types\/post"}],"author":[{"embeddable":true,"href":"https:\/\/universidadedacapoeira.com\/index.php\/wp-json\/wp\/v2\/users\/2"}],"replies":[{"embeddable":true,"href":"https:\/\/universidadedacapoeira.com\/index.php\/wp-json\/wp\/v2\/comments?post=2890"}],"version-history":[{"count":2,"href":"https:\/\/universidadedacapoeira.com\/index.php\/wp-json\/wp\/v2\/posts\/2890\/revisions"}],"predecessor-version":[{"id":6153,"href":"https:\/\/universidadedacapoeira.com\/index.php\/wp-json\/wp\/v2\/posts\/2890\/revisions\/6153"}],"wp:featuredmedia":[{"embeddable":true,"href":"https:\/\/universidadedacapoeira.com\/index.php\/wp-json\/wp\/v2\/media\/2891"}],"wp:attachment":[{"href":"https:\/\/universidadedacapoeira.com\/index.php\/wp-json\/wp\/v2\/media?parent=2890"}],"wp:term":[{"taxonomy":"category","embeddable":true,"href":"https:\/\/universidadedacapoeira.com\/index.php\/wp-json\/wp\/v2\/categories?post=2890"},{"taxonomy":"post_tag","embeddable":true,"href":"https:\/\/universidadedacapoeira.com\/index.php\/wp-json\/wp\/v2\/tags?post=2890"}],"curies":[{"name":"wp","href":"https:\/\/api.w.org\/{rel}","templated":true}]}}