{"id":2857,"date":"2020-06-26T07:15:29","date_gmt":"2020-06-26T10:15:29","guid":{"rendered":"http:\/\/universidadedacapoeira.com\/?p=2857"},"modified":"2023-02-06T21:56:40","modified_gmt":"2023-02-07T00:56:40","slug":"trem-pedras-quintal-alto-adubeira-tiguera-360-juiz-de-fora-minas-gerais-mg-brasil-registro-de-capoeira-mestre-polemico-professor-joao-couto-teixeira-img_1724-709-mb-08h54-06-de-maio-de","status":"publish","type":"post","link":"https:\/\/universidadedacapoeira.com\/index.php\/2020\/06\/26\/trem-pedras-quintal-alto-adubeira-tiguera-360-juiz-de-fora-minas-gerais-mg-brasil-registro-de-capoeira-mestre-polemico-professor-joao-couto-teixeira-img_1724-709-mb-08h54-06-de-maio-de\/","title":{"rendered":"Universidade Livre de Estudos Culturais da Capoeira &#8211; Universidade da Capoeira &#8211; UNICAPOEIRA, Instituto de Educa\u00e7\u00e3o Socioambiental &#8211; IESAMBI, Associa\u00e7\u00e3o de Capoeira &#8211; ASCA e Grupo de Capoeira MEIA LUA &#8211; Fundado em 29 de Maio de 1962. Trem: Pedras. Quintal Alto, Adubeira, Tig\u00fcera 360, Juiz de Fora, Minas Gerais\/MG, Brasil. Registro de Capoeira Mestre Pol\u00eamico &#8211; Professor Jo\u00e3o Couto Teixeira. IMG_1724. 70,9 MB. 08h54. 06 de maio de 2020."},"content":{"rendered":"\n<figure class=\"wp-block-embed is-type-video is-provider-youtube wp-block-embed-youtube wp-embed-aspect-16-9 wp-has-aspect-ratio\"><div class=\"wp-block-embed__wrapper\">\n<iframe loading=\"lazy\" title=\"Trem: Pedras. Tig\u00fcera 360, Juiz de Fora, Minas Gerais\/MG, Brasil. IMG_1724. 70,9 MB. 08h54. 06mai20\" width=\"500\" height=\"281\" src=\"https:\/\/www.youtube.com\/embed\/ozaB03mWC4M?feature=oembed\" frameborder=\"0\" allow=\"accelerometer; autoplay; clipboard-write; encrypted-media; gyroscope; picture-in-picture; web-share\" referrerpolicy=\"strict-origin-when-cross-origin\" allowfullscreen><\/iframe>\n<\/div><\/figure>\n","protected":false},"excerpt":{"rendered":"<p>Trem: Pedras. Quintal Alto, Adubeira, Tig\u00fcera 360, Juiz de Fora, Minas Gerais\/MG, Brasil. Registro de Capoeira Mestre Pol\u00eamico &#8211; Professor Jo\u00e3o Couto Teixeira. IMG_1724. 70,9 MB. 08h54. 06 de maio de 2020.<\/p>\n","protected":false},"author":2,"featured_media":2858,"comment_status":"open","ping_status":"open","sticky":false,"template":"","format":"video","meta":{"footnotes":""},"categories":[4711],"tags":[1299,420,1304,975,43,1303,55,42,1295,908,519,120,974],"class_list":["post-2857","post","type-post","status-publish","format-video","has-post-thumbnail","hentry","category-tiguera-360","tag-06-de-maio-de-2020","tag-08h54","tag-70-9-mb","tag-adubeira","tag-brasil","tag-img_1724","tag-juiz-de-fora","tag-minas-gerais-mg","tag-pedras","tag-quintal-alto","tag-registro-de-capoeira-mestre-polemico-professor-joao-couto-teixeira","tag-tiguera-360","tag-trem","post_format-post-format-video"],"_links":{"self":[{"href":"https:\/\/universidadedacapoeira.com\/index.php\/wp-json\/wp\/v2\/posts\/2857","targetHints":{"allow":["GET"]}}],"collection":[{"href":"https:\/\/universidadedacapoeira.com\/index.php\/wp-json\/wp\/v2\/posts"}],"about":[{"href":"https:\/\/universidadedacapoeira.com\/index.php\/wp-json\/wp\/v2\/types\/post"}],"author":[{"embeddable":true,"href":"https:\/\/universidadedacapoeira.com\/index.php\/wp-json\/wp\/v2\/users\/2"}],"replies":[{"embeddable":true,"href":"https:\/\/universidadedacapoeira.com\/index.php\/wp-json\/wp\/v2\/comments?post=2857"}],"version-history":[{"count":2,"href":"https:\/\/universidadedacapoeira.com\/index.php\/wp-json\/wp\/v2\/posts\/2857\/revisions"}],"predecessor-version":[{"id":6165,"href":"https:\/\/universidadedacapoeira.com\/index.php\/wp-json\/wp\/v2\/posts\/2857\/revisions\/6165"}],"wp:featuredmedia":[{"embeddable":true,"href":"https:\/\/universidadedacapoeira.com\/index.php\/wp-json\/wp\/v2\/media\/2858"}],"wp:attachment":[{"href":"https:\/\/universidadedacapoeira.com\/index.php\/wp-json\/wp\/v2\/media?parent=2857"}],"wp:term":[{"taxonomy":"category","embeddable":true,"href":"https:\/\/universidadedacapoeira.com\/index.php\/wp-json\/wp\/v2\/categories?post=2857"},{"taxonomy":"post_tag","embeddable":true,"href":"https:\/\/universidadedacapoeira.com\/index.php\/wp-json\/wp\/v2\/tags?post=2857"}],"curies":[{"name":"wp","href":"https:\/\/api.w.org\/{rel}","templated":true}]}}