{"id":2652,"date":"2020-06-08T17:28:05","date_gmt":"2020-06-08T20:28:05","guid":{"rendered":"http:\/\/universidadedacapoeira.com\/?p=2652"},"modified":"2023-02-07T08:19:32","modified_gmt":"2023-02-07T11:19:32","slug":"terco-dos-homens-ministro-da-palavra-alcides-joao-parizoto-igreja-nossa-senhora-das-gracas-sobradinho-distrito-federal-df-brasil-registro-de-capoeira-mestre-polemico-professor-joao-couto-teixe","status":"publish","type":"post","link":"https:\/\/universidadedacapoeira.com\/index.php\/2020\/06\/08\/terco-dos-homens-ministro-da-palavra-alcides-joao-parizoto-igreja-nossa-senhora-das-gracas-sobradinho-distrito-federal-df-brasil-registro-de-capoeira-mestre-polemico-professor-joao-couto-teixe\/","title":{"rendered":"Universidade Livre de Estudos Culturais da Capoeira &#8211; Universidade da Capoeira &#8211; UNICAPOEIRA, Instituto de Educa\u00e7\u00e3o Socioambiental &#8211; IESAMBI, Associa\u00e7\u00e3o de Capoeira &#8211; ASCA e Grupo de Capoeira MEIA LUA &#8211; Fundado em 29 de Maio de 1962. Ter\u00e7o dos Homens: Ministro da Palavra Alcides Jo\u00e3o Parizoto. Igreja Nossa Senhora das Gra\u00e7as, Sobradinho, Distrito Federal\/DF, Brasil. Registro de Capoeira Mestre Pol\u00eamico &#8211; Professor Jo\u00e3o Couto Teixeira. IMG_8972. 2,17 GB. 19h53. 20 de outubro de 2015."},"content":{"rendered":"\n<figure class=\"wp-block-embed is-type-video is-provider-youtube wp-block-embed-youtube wp-embed-aspect-16-9 wp-has-aspect-ratio\"><div class=\"wp-block-embed__wrapper\">\n<iframe loading=\"lazy\" title=\"Ter\u00e7o dos Homens: Igreja Nossa Senhora das Gra\u00e7as. Sobradinho\/Brasil. IMG_8972\/2,17 GB\/19h53\/20out15\" width=\"500\" height=\"281\" src=\"https:\/\/www.youtube.com\/embed\/9UFIW0mWsOI?feature=oembed\" frameborder=\"0\" allow=\"accelerometer; autoplay; clipboard-write; encrypted-media; gyroscope; picture-in-picture; web-share\" referrerpolicy=\"strict-origin-when-cross-origin\" allowfullscreen><\/iframe>\n<\/div><\/figure>\n","protected":false},"excerpt":{"rendered":"<p>Ter\u00e7o dos Homens: Ministro da Palavra Alcides Jo\u00e3o Parizoto. Igreja Nossa Senhora das Gra\u00e7as, Sobradinho, Distrito Federal\/DF, Brasil. Registro de Capoeira Mestre Pol\u00eamico &#8211; Professor Jo\u00e3o Couto Teixeira. IMG_8972. 2,17 GB. 19h53. 20 de outubro de 2015.<\/p>\n","protected":false},"author":2,"featured_media":2653,"comment_status":"open","ping_status":"open","sticky":false,"template":"","format":"video","meta":{"footnotes":""},"categories":[4675],"tags":[1021,1022,43,241,1017,1020,1019,519,258,1016],"class_list":["post-2652","post","type-post","status-publish","format-video","has-post-thumbnail","hentry","category-terco-dos-homens-em-familia","tag-19h53","tag-2-17-gb","tag-brasil","tag-distrito-federal-df","tag-igreja-nossa-senhora-das-gracas","tag-img_8972","tag-ministro-da-palavra-alcides-joao-parizoto","tag-registro-de-capoeira-mestre-polemico-professor-joao-couto-teixeira","tag-sobradinho","tag-terco-dos-homens","post_format-post-format-video"],"_links":{"self":[{"href":"https:\/\/universidadedacapoeira.com\/index.php\/wp-json\/wp\/v2\/posts\/2652","targetHints":{"allow":["GET"]}}],"collection":[{"href":"https:\/\/universidadedacapoeira.com\/index.php\/wp-json\/wp\/v2\/posts"}],"about":[{"href":"https:\/\/universidadedacapoeira.com\/index.php\/wp-json\/wp\/v2\/types\/post"}],"author":[{"embeddable":true,"href":"https:\/\/universidadedacapoeira.com\/index.php\/wp-json\/wp\/v2\/users\/2"}],"replies":[{"embeddable":true,"href":"https:\/\/universidadedacapoeira.com\/index.php\/wp-json\/wp\/v2\/comments?post=2652"}],"version-history":[{"count":2,"href":"https:\/\/universidadedacapoeira.com\/index.php\/wp-json\/wp\/v2\/posts\/2652\/revisions"}],"predecessor-version":[{"id":6232,"href":"https:\/\/universidadedacapoeira.com\/index.php\/wp-json\/wp\/v2\/posts\/2652\/revisions\/6232"}],"wp:featuredmedia":[{"embeddable":true,"href":"https:\/\/universidadedacapoeira.com\/index.php\/wp-json\/wp\/v2\/media\/2653"}],"wp:attachment":[{"href":"https:\/\/universidadedacapoeira.com\/index.php\/wp-json\/wp\/v2\/media?parent=2652"}],"wp:term":[{"taxonomy":"category","embeddable":true,"href":"https:\/\/universidadedacapoeira.com\/index.php\/wp-json\/wp\/v2\/categories?post=2652"},{"taxonomy":"post_tag","embeddable":true,"href":"https:\/\/universidadedacapoeira.com\/index.php\/wp-json\/wp\/v2\/tags?post=2652"}],"curies":[{"name":"wp","href":"https:\/\/api.w.org\/{rel}","templated":true}]}}