{"id":2530,"date":"2020-01-05T16:49:49","date_gmt":"2020-01-05T19:49:49","guid":{"rendered":"http:\/\/universidadedacapoeira.com\/?p=2530"},"modified":"2023-02-09T09:46:04","modified_gmt":"2023-02-09T12:46:04","slug":"dudu-faustino-luiz-couto-teixeira-quem-vai-nos-separar-oficio-divina-celia-couto-teixeira-teita-maria-tereza-goulart-bustamante-teixeira-nenem-ana-maria-couto-teixeira-neneca-maria-jose-m","status":"publish","type":"post","link":"https:\/\/universidadedacapoeira.com\/index.php\/2020\/01\/05\/dudu-faustino-luiz-couto-teixeira-quem-vai-nos-separar-oficio-divina-celia-couto-teixeira-teita-maria-tereza-goulart-bustamante-teixeira-nenem-ana-maria-couto-teixeira-neneca-maria-jose-m\/","title":{"rendered":"Universidade Livre de Estudos Culturais da Capoeira &#8211; Universidade da Capoeira &#8211; UNICAPOEIRA, Instituto de Educa\u00e7\u00e3o Socioambiental &#8211; IESAMBI, Associa\u00e7\u00e3o de Capoeira &#8211; ASCA e Grupo de Capoeira MEIA LUA &#8211; Fundado em 29 de Maio de 1962. Mestre As\u00e8 Dud\u00fa &#8211; Faustino Luiz Couto Teixeira: Quem Vai Nos Separar? Of\u00edcio Divina C\u00e9lia Couto Teixeira. Teita &#8211; Maria Tereza Goulart Bustamante Teixeira, Nen\u00e9m &#8211; Ana Maria Couto Teixeira, Neneca &#8211; Maria Jos\u00e9 Meneses Grippi, Maria In\u00eas Carvalho, Rozaly Mattos, T\u00eavo &#8211; Est\u00eav\u00e3o Couto Teixeira, Salete Libardoni, Tiago Bustamante Teixeira, Laura Maria Morais Teixeira, Lis Couto Teixeira e S\u00e9rgio Goulart Teixeira. Sala de Jantar, Matriz, Rua Doutor Jos\u00e9 Ces\u00e1rio, N\u00famero 58, Bairro Passos, Juiz de Fora, Minas Gerais\/MG, Brasil. Registro de Capoeira Mestre Pol\u00eamico &#8211; Professor Jo\u00e3o Couto Teixeira. IMG_4238. 432,2 MB. 19h45. 02 de maio de 2019."},"content":{"rendered":"\n<figure class=\"wp-block-embed is-type-video is-provider-youtube wp-block-embed-youtube wp-embed-aspect-16-9 wp-has-aspect-ratio\"><div class=\"wp-block-embed__wrapper\">\n<iframe loading=\"lazy\" title=\"Dud\u00fa - Faustino Luiz Couto Teixeira: Quem Vai nos Separar? IMG_4238. 432,2 MB. 19h45. 02mai19\" width=\"500\" height=\"281\" src=\"https:\/\/www.youtube.com\/embed\/O8cksK-K2Z0?feature=oembed\" frameborder=\"0\" allow=\"accelerometer; autoplay; clipboard-write; encrypted-media; gyroscope; picture-in-picture; web-share\" referrerpolicy=\"strict-origin-when-cross-origin\" allowfullscreen><\/iframe>\n<\/div><\/figure>\n","protected":false},"excerpt":{"rendered":"<p>Dud\u00fa &#8211; Faustino Luiz Couto Teixeira: Quem Vai Nos Separar? Of\u00edcio Divina C\u00e9lia Couto Teixeira. Teita &#8211; Maria Tereza Goulart Bustamante Teixeira, Nen\u00e9m &#8211; Ana Maria Couto Teixeira, Neneca &#8211; Maria Jos\u00e9 Meneses Grippi, Maria In\u00eas Carvalho, Rozaly Mattos, T\u00eavo &#8211; Est\u00eav\u00e3o Couto Teixeira, Salete Libardoni, Tiago Bustamante Teixeira, Laura Maria Morais Teixeira, Lis Couto Teixeira e S\u00e9rgio Goulart Teixeira. Sala de Jantar, Matriz, Rua Doutor Jos\u00e9 Ces\u00e1rio, N\u00famero 58, Bairro Passos, Juiz de Fora, Minas Gerais\/MG, Brasil. Registro de Capoeira Mestre Pol\u00eamico &#8211; Professor Jo\u00e3o Couto Teixeira. IMG_4238. 432,2 MB. 19h45. 02 de maio de 2019.<\/p>\n","protected":false},"author":2,"featured_media":2531,"comment_status":"open","ping_status":"open","sticky":false,"template":"","format":"video","meta":{"footnotes":""},"categories":[4741],"tags":[289,822,820,129,43,228,821,55,285,817,282,126,42,816,284,128,279,278,519,283,127,286,575,819,280,473,818],"class_list":["post-2530","post","type-post","status-publish","format-video","has-post-thumbnail","hentry","category-familia","tag-02-de-maio-de-2019","tag-19h45","tag-432-2-mb","tag-bairro-passos","tag-brasil","tag-dudu-faustino-luiz-couto-teixeira","tag-img_4238","tag-juiz-de-fora","tag-laura-maria-morais-teixeira","tag-lis-couto-teixeira","tag-maria-ines-carvalho","tag-matriz","tag-minas-gerais-mg","tag-neneca-maria-jose-meneses-grippi","tag-nenem-ana-maria-couto-teixeira","tag-numero-58","tag-oficio-divina-celia-couto-teixeira","tag-quem-vai-nos-separar","tag-registro-de-capoeira-mestre-polemico-professor-joao-couto-teixeira","tag-rozaly-mattos","tag-rua-doutor-jose-cesario","tag-sala-de-jantar","tag-salete-libardoni","tag-sergio-goulart-teixeira","tag-teita-maria-tereza-goulart-bustamante-teixeira","tag-tevo-estevao-couto-teixeira","tag-tiago-bustamante-teixeira","post_format-post-format-video"],"_links":{"self":[{"href":"https:\/\/universidadedacapoeira.com\/index.php\/wp-json\/wp\/v2\/posts\/2530","targetHints":{"allow":["GET"]}}],"collection":[{"href":"https:\/\/universidadedacapoeira.com\/index.php\/wp-json\/wp\/v2\/posts"}],"about":[{"href":"https:\/\/universidadedacapoeira.com\/index.php\/wp-json\/wp\/v2\/types\/post"}],"author":[{"embeddable":true,"href":"https:\/\/universidadedacapoeira.com\/index.php\/wp-json\/wp\/v2\/users\/2"}],"replies":[{"embeddable":true,"href":"https:\/\/universidadedacapoeira.com\/index.php\/wp-json\/wp\/v2\/comments?post=2530"}],"version-history":[{"count":2,"href":"https:\/\/universidadedacapoeira.com\/index.php\/wp-json\/wp\/v2\/posts\/2530\/revisions"}],"predecessor-version":[{"id":6270,"href":"https:\/\/universidadedacapoeira.com\/index.php\/wp-json\/wp\/v2\/posts\/2530\/revisions\/6270"}],"wp:featuredmedia":[{"embeddable":true,"href":"https:\/\/universidadedacapoeira.com\/index.php\/wp-json\/wp\/v2\/media\/2531"}],"wp:attachment":[{"href":"https:\/\/universidadedacapoeira.com\/index.php\/wp-json\/wp\/v2\/media?parent=2530"}],"wp:term":[{"taxonomy":"category","embeddable":true,"href":"https:\/\/universidadedacapoeira.com\/index.php\/wp-json\/wp\/v2\/categories?post=2530"},{"taxonomy":"post_tag","embeddable":true,"href":"https:\/\/universidadedacapoeira.com\/index.php\/wp-json\/wp\/v2\/tags?post=2530"}],"curies":[{"name":"wp","href":"https:\/\/api.w.org\/{rel}","templated":true}]}}