{"id":2514,"date":"2020-01-05T12:42:06","date_gmt":"2020-01-05T15:42:06","guid":{"rendered":"http:\/\/universidadedacapoeira.com\/?p=2514"},"modified":"2023-02-09T09:48:24","modified_gmt":"2023-02-09T12:48:24","slug":"r-pioneirs-raulino-bogo-01-de-outubro-de-1933-1961-e-rosa-rosso-29-de-julho-de-1949-programa-destaque-radio-12-de-maio-casa-da-cultura-reportagem-jose-carlos-krumenaur-subsidios-maria-lo","status":"publish","type":"post","link":"https:\/\/universidadedacapoeira.com\/index.php\/2020\/01\/05\/r-pioneirs-raulino-bogo-01-de-outubro-de-1933-1961-e-rosa-rosso-29-de-julho-de-1949-programa-destaque-radio-12-de-maio-casa-da-cultura-reportagem-jose-carlos-krumenaur-subsidios-maria-lo\/","title":{"rendered":"Universidade Livre de Estudos Culturais da Capoeira &#8211; Universidade da Capoeira &#8211; UNICAPOEIRA, Instituto de Educa\u00e7\u00e3o Socioambiental &#8211; IESAMBI, Associa\u00e7\u00e3o de Capoeira &#8211; ASCA e Grupo de Capoeira MEIA LUA &#8211; Fundado em 29 de Maio de 1962. R: Pioneir@s. Raulino Bogo &#8211; 01 de outubro de 1933 &#8211; 1961 e Rosa Rosso, 29 de julho de 1949, Programa Destaque &#8211; R\u00e1dio 12 de Maio, Casa da Cultura. Reportagem Jos\u00e9 Carlos Krumenaur. Subs\u00eddios Maria Lourdes Schneider, Anair Gava Muraro, Nilza Lazzarotto e Maur\u00edcio Padilha M\u00fcller. Biblioteca Alberto Santos Dumont, S\u00e3o Louren\u00e7o D&#8217;Oeste, Santa Catarina\/SC, Brasil. Postagem Capoeira Mestre Pol\u00eamico &#8211; Professor Jo\u00e3o Couto Teixeira. 3,84 GB. 26 a 30 de dezembro de 1995. HD 720p. MOV."},"content":{"rendered":"\n<figure class=\"wp-block-embed is-type-video is-provider-youtube wp-block-embed-youtube wp-embed-aspect-16-9 wp-has-aspect-ratio\"><div class=\"wp-block-embed__wrapper\">\n<iframe loading=\"lazy\" title=\"R: Pioneir@s. Jos\u00e9 Carlos Krumenaur. S\u00e3o Louren\u00e7o D&#039;Oeste, SC, Brasil. 3,84 GB. 26 a 30dez95\" width=\"500\" height=\"281\" src=\"https:\/\/www.youtube.com\/embed\/KEiytWwFYYI?feature=oembed\" frameborder=\"0\" allow=\"accelerometer; autoplay; clipboard-write; encrypted-media; gyroscope; picture-in-picture; web-share\" referrerpolicy=\"strict-origin-when-cross-origin\" allowfullscreen><\/iframe>\n<\/div><\/figure>\n","protected":false},"excerpt":{"rendered":"<p>R: Pioneir@s. Raulino Bogo &#8211; 01 de outubro de 1933 &#8211; 1961 e Rosa Rosso, 29 de julho de 1949, Programa Destaque &#8211; R\u00e1dio 12 de Maio, Casa da Cultura. Reportagem Jos\u00e9 Carlos Krumenaur. Subs\u00eddios Maria Lourdes Schneider, Anair Gava Muraro, Nilza Lazzarotto e Maur\u00edcio Padilha M\u00fcller. Biblioteca Alberto Santos Dumont, S\u00e3o Louren\u00e7o D&#8217;Oeste, Santa Catarina\/SC, Brasil. Postagem Capoeira Mestre Pol\u00eamico &#8211; Professor Jo\u00e3o Couto Teixeira. 3,84 GB. 26 a 30 de dezembro de 1995. HD 720p. MOV.<\/p>\n","protected":false},"author":2,"featured_media":2515,"comment_status":"open","ping_status":"open","sticky":false,"template":"","format":"video","meta":{"footnotes":""},"categories":[4738],"tags":[710,784,785,705,706,43,700,540,704,711,702,688,786,771,781,782,701,783,319,707,703],"class_list":["post-2514","post","type-post","status-publish","format-video","has-post-thumbnail","hentry","category-iesambi","tag-26-a-30-de-dezembro-de-1995","tag-29-de-julho-de-1949","tag-84-gb","tag-anair-gava-muraro","tag-biblioteca-alberto-santos-dumont","tag-brasil","tag-casa-da-cultura","tag-hd-720p","tag-mauricio-padilha-muller","tag-mov","tag-nilza-lazzarotto","tag-pioneirs","tag-postagem-capoeira-mestre-polemico-professor-joao-couto-teixeira-3","tag-programa-destaque-radio-12-de-maio","tag-r","tag-raulino-bogo-01-de-outubro-de-1933-1961","tag-reportagem-jose-carlos-krumenaur","tag-rosa-rosso","tag-santa-catarina-sc","tag-sao-lourenco-doeste","tag-subsidios-maria-lourdes-schneider","post_format-post-format-video"],"_links":{"self":[{"href":"https:\/\/universidadedacapoeira.com\/index.php\/wp-json\/wp\/v2\/posts\/2514","targetHints":{"allow":["GET"]}}],"collection":[{"href":"https:\/\/universidadedacapoeira.com\/index.php\/wp-json\/wp\/v2\/posts"}],"about":[{"href":"https:\/\/universidadedacapoeira.com\/index.php\/wp-json\/wp\/v2\/types\/post"}],"author":[{"embeddable":true,"href":"https:\/\/universidadedacapoeira.com\/index.php\/wp-json\/wp\/v2\/users\/2"}],"replies":[{"embeddable":true,"href":"https:\/\/universidadedacapoeira.com\/index.php\/wp-json\/wp\/v2\/comments?post=2514"}],"version-history":[{"count":2,"href":"https:\/\/universidadedacapoeira.com\/index.php\/wp-json\/wp\/v2\/posts\/2514\/revisions"}],"predecessor-version":[{"id":6275,"href":"https:\/\/universidadedacapoeira.com\/index.php\/wp-json\/wp\/v2\/posts\/2514\/revisions\/6275"}],"wp:featuredmedia":[{"embeddable":true,"href":"https:\/\/universidadedacapoeira.com\/index.php\/wp-json\/wp\/v2\/media\/2515"}],"wp:attachment":[{"href":"https:\/\/universidadedacapoeira.com\/index.php\/wp-json\/wp\/v2\/media?parent=2514"}],"wp:term":[{"taxonomy":"category","embeddable":true,"href":"https:\/\/universidadedacapoeira.com\/index.php\/wp-json\/wp\/v2\/categories?post=2514"},{"taxonomy":"post_tag","embeddable":true,"href":"https:\/\/universidadedacapoeira.com\/index.php\/wp-json\/wp\/v2\/tags?post=2514"}],"curies":[{"name":"wp","href":"https:\/\/api.w.org\/{rel}","templated":true}]}}