{"id":2511,"date":"2020-01-05T12:35:37","date_gmt":"2020-01-05T15:35:37","guid":{"rendered":"http:\/\/universidadedacapoeira.com\/?p=2511"},"modified":"2023-02-09T09:48:59","modified_gmt":"2023-02-09T12:48:59","slug":"p-pioneirs-paulo-libardoni-elvira-lazzarotto-francisco-oreste-libardoni-30-de-marco-de-1935-21-de-junho-de-1931-17-de-fevereiro-e-09-de-maio-de-1949-e-privato-mafioletti-24-de-abril-de","status":"publish","type":"post","link":"https:\/\/universidadedacapoeira.com\/index.php\/2020\/01\/05\/p-pioneirs-paulo-libardoni-elvira-lazzarotto-francisco-oreste-libardoni-30-de-marco-de-1935-21-de-junho-de-1931-17-de-fevereiro-e-09-de-maio-de-1949-e-privato-mafioletti-24-de-abril-de\/","title":{"rendered":"Universidade Livre de Estudos Culturais da Capoeira &#8211; Universidade da Capoeira &#8211; UNICAPOEIRA, Instituto de Educa\u00e7\u00e3o Socioambiental &#8211; IESAMBI, Associa\u00e7\u00e3o de Capoeira &#8211; ASCA e Grupo de Capoeira MEIA LUA &#8211; Fundado em 29 de Maio de 1962. P: Pioneir@s. Paulo Libardoni &#8211; Elvira Lazzarotto &#8211; Francisco Oreste Libardoni &#8211; 30 de mar\u00e7o de 1935 &#8211; 21 de junho de 1931 &#8211; 17 de fevereiro e 09 de maio de 1949 e Privato Mafioletti &#8211; 24 de abril de 1917 &#8211; 1960, Programa Destaque. R\u00e1dio 12 de Maio. Casa da Cultura. Reportagem Jos\u00e9 Carlos Krumenaur. Subs\u00eddios Maria Lourdes Schneider, Anair Gava Muraro, Nilza Lazzarotto e Maur\u00edcio Padilha M\u00fcller. Biblioteca Alberto Santos Dumont, S\u00e3o Louren\u00e7o D&#8217;Oeste, Santa Catarina\/SC, Brasil. Postagem Capoeira Mestre Pol\u00eamico &#8211; Professor Jo\u00e3o Couto Teixeira. 3,3 GB. 26 a 30 de dezembro de 1995. HD 720p. MOV."},"content":{"rendered":"\n<figure class=\"wp-block-embed is-type-video is-provider-youtube wp-block-embed-youtube wp-embed-aspect-16-9 wp-has-aspect-ratio\"><div class=\"wp-block-embed__wrapper\">\n<iframe loading=\"lazy\" title=\"P: Pioneir@s. Jos\u00e9 Carlos Krumenaur. S\u00e3o Louren\u00e7o D&#039;Oeste, SC, Brasil. 3,3 GB. 26 a 30dez95\" width=\"500\" height=\"281\" src=\"https:\/\/www.youtube.com\/embed\/ZCywHPeN2cs?feature=oembed\" frameborder=\"0\" allow=\"accelerometer; autoplay; clipboard-write; encrypted-media; gyroscope; picture-in-picture; web-share\" referrerpolicy=\"strict-origin-when-cross-origin\" allowfullscreen><\/iframe>\n<\/div><\/figure>\n","protected":false},"excerpt":{"rendered":"<p>P, Pioneir@s, Paulo Libardoni &#8211; Elvira Lazzarotto &#8211; Francisco Oreste Libardoni &#8211; 30 de mar\u00e7o de 1935 &#8211; 21 de junho de 1931 &#8211; 17 de fevereiro e 09 de maio de 1949, Privato Mafioletti &#8211; 24 de abril de 1917 &#8211; 1960, Programa Destaque. R\u00e1dio 12 de Maio, Casa da Cultura, Reportagem Jos\u00e9 Carlos Krumenaur, Subs\u00eddios Maria Lourdes Schneider, Anair Gava Muraro, Nilza Lazzarotto, Maur\u00edcio Padilha M\u00fcller, Biblioteca Alberto Santos Dumont, S\u00e3o Louren\u00e7o D&#8217;Oeste, Santa Catarina\/SC, Brasil, Postagem Capoeira Mestre Pol\u00eamico &#8211; Professor Jo\u00e3o Couto Teixeira, 3.3 GB, 26 a 30 de dezembro de 1995, HD 720p, MOV<\/p>\n","protected":false},"author":2,"featured_media":2512,"comment_status":"open","ping_status":"open","sticky":false,"template":"","format":"video","meta":{"footnotes":""},"categories":[4741],"tags":[710,780,705,706,43,700,540,704,711,702,777,776,688,708,779,771,701,319,707,703],"class_list":["post-2511","post","type-post","status-publish","format-video","has-post-thumbnail","hentry","category-familia","tag-26-a-30-de-dezembro-de-1995","tag-3-3-gb","tag-anair-gava-muraro","tag-biblioteca-alberto-santos-dumont","tag-brasil","tag-casa-da-cultura","tag-hd-720p","tag-mauricio-padilha-muller","tag-mov","tag-nilza-lazzarotto","tag-p","tag-paulo-libardoni-elvira-lazzarotto-francisco-oreste-libardoni-30-de-marco-de-1935-21-de-junho-de-1931-17-de-fevereiro-e-09-de-maio-de-1949","tag-pioneirs","tag-postagem-capoeira-mestre-polemico-professor-joao-couto-teixeira","tag-privato-mafioletti-24-de-abril-de-1917-1960","tag-programa-destaque-radio-12-de-maio","tag-reportagem-jose-carlos-krumenaur","tag-santa-catarina-sc","tag-sao-lourenco-doeste","tag-subsidios-maria-lourdes-schneider","post_format-post-format-video"],"_links":{"self":[{"href":"https:\/\/universidadedacapoeira.com\/index.php\/wp-json\/wp\/v2\/posts\/2511","targetHints":{"allow":["GET"]}}],"collection":[{"href":"https:\/\/universidadedacapoeira.com\/index.php\/wp-json\/wp\/v2\/posts"}],"about":[{"href":"https:\/\/universidadedacapoeira.com\/index.php\/wp-json\/wp\/v2\/types\/post"}],"author":[{"embeddable":true,"href":"https:\/\/universidadedacapoeira.com\/index.php\/wp-json\/wp\/v2\/users\/2"}],"replies":[{"embeddable":true,"href":"https:\/\/universidadedacapoeira.com\/index.php\/wp-json\/wp\/v2\/comments?post=2511"}],"version-history":[{"count":2,"href":"https:\/\/universidadedacapoeira.com\/index.php\/wp-json\/wp\/v2\/posts\/2511\/revisions"}],"predecessor-version":[{"id":6276,"href":"https:\/\/universidadedacapoeira.com\/index.php\/wp-json\/wp\/v2\/posts\/2511\/revisions\/6276"}],"wp:featuredmedia":[{"embeddable":true,"href":"https:\/\/universidadedacapoeira.com\/index.php\/wp-json\/wp\/v2\/media\/2512"}],"wp:attachment":[{"href":"https:\/\/universidadedacapoeira.com\/index.php\/wp-json\/wp\/v2\/media?parent=2511"}],"wp:term":[{"taxonomy":"category","embeddable":true,"href":"https:\/\/universidadedacapoeira.com\/index.php\/wp-json\/wp\/v2\/categories?post=2511"},{"taxonomy":"post_tag","embeddable":true,"href":"https:\/\/universidadedacapoeira.com\/index.php\/wp-json\/wp\/v2\/tags?post=2511"}],"curies":[{"name":"wp","href":"https:\/\/api.w.org\/{rel}","templated":true}]}}