{"id":2475,"date":"2020-01-05T09:58:18","date_gmt":"2020-01-05T12:58:18","guid":{"rendered":"http:\/\/universidadedacapoeira.com\/?p=2475"},"modified":"2023-02-09T10:25:52","modified_gmt":"2023-02-09T13:25:52","slug":"a-pioneirs-abel-rotta-30-de-agosto-de-1920-julho-de-1952-alaor-geraldo-da-silva-23-de-marco-de-1935-1967-albano-luiz-menegati-21-de-dezembro-de-1930-1960-alcides-dallalba-sc","status":"publish","type":"post","link":"https:\/\/universidadedacapoeira.com\/index.php\/2020\/01\/05\/a-pioneirs-abel-rotta-30-de-agosto-de-1920-julho-de-1952-alaor-geraldo-da-silva-23-de-marco-de-1935-1967-albano-luiz-menegati-21-de-dezembro-de-1930-1960-alcides-dallalba-sc\/","title":{"rendered":"Universidade Livre de Estudos Culturais da Capoeira &#8211; Universidade da Capoeira &#8211; UNICAPOEIRA, Instituto de Educa\u00e7\u00e3o Socioambiental &#8211; IESAMBI, Associa\u00e7\u00e3o de Capoeira &#8211; ASCA e Grupo de Capoeira MEIA LUA &#8211; Fundado em 29 de Maio de 1962. A: Pioneir@s. Abel Rotta &#8211; 30 de agosto de 1920 &#8211; Julho de 1952, Alaor Geraldo da Silva &#8211; 23 de mar\u00e7o de 1935 &#8211; 1967, Albano Luiz Menegati &#8211; 21 de dezembro de 1930 &#8211; 1960, Alcides Dall\u2019alba Scarioti &#8211; 18 de maio de 1934 &#8211; 01 de maio de 1958, Ambr\u00f3sio Maz\u00f3n Cohan &#8211; 02 de fevereiro de 2938 &#8211; 1960, \u00c2ngelo Fantin &#8211; 14 de dezembro de 1927 &#8211; 1950, Ariovaldo Jos\u00e9 Filipini &#8211; 19 de mar\u00e7o de 1946 &#8211; 06 de junho de 1954, Arlindo e S\u00e9rgio Pedersetti &#8211; 10mar37 &#8211; 20mai94 &#8211; 28dez59, Armindo Ecker &#8211; 24 de outubro de 1926 &#8211; 1949, Arno Ign\u00e1cio e Erecilda Etges &#8211; 09 de abril de 1934 &#8211; 12 de agosto de 1936 &#8211; 1966, At\u00edlio e Ivete Ferreira Bueno Martini &#8211; 28 de outubro de 1923 e Aur\u00e9lia Etges Caciatori &#8211; 1957. Programa Destaque, R\u00e1dio 12 de Maio. Casa da Cultura. Reportagem Jos\u00e9 Carlos Krumenaur. Subs\u00eddios Maria Lourdes Schneider, Anair Gava Muraro, Nilza Lazzarotto e Maur\u00edcio Padilha M\u00fcller. Biblioteca Alberto Santos Dumont, S\u00e3o Louren\u00e7o D&#8217;Oeste, Santa Catarina\/SC, Brasil. Postagem Capoeira Mestre Pol\u00eamico &#8211; Professor Jo\u00e3o Couto Teixeira. 21,86 GB. 26 a 30 de dezembro de 1995. HD 720p. MOV."},"content":{"rendered":"\n<figure class=\"wp-block-embed is-type-video is-provider-youtube wp-block-embed-youtube wp-embed-aspect-16-9 wp-has-aspect-ratio\"><div class=\"wp-block-embed__wrapper\">\n<iframe loading=\"lazy\" title=\"A: Pioneir@s. Jos\u00e9 Carlos Krumenaur. S\u00e3o Louren\u00e7o D&#039;Oeste, SC, Brasil. 22,59 GB. 26 a 30dez95\" width=\"500\" height=\"281\" src=\"https:\/\/www.youtube.com\/embed\/LJ0-4_kQ1ck?feature=oembed\" frameborder=\"0\" allow=\"accelerometer; autoplay; clipboard-write; encrypted-media; gyroscope; picture-in-picture; web-share\" referrerpolicy=\"strict-origin-when-cross-origin\" allowfullscreen><\/iframe>\n<\/div><\/figure>\n","protected":false},"excerpt":{"rendered":"<p>A: Pioneir@s. Abel Rotta &#8211; 30 de agosto de 1920 &#8211; Julho de 1952, Alaor Geraldo da Silva &#8211; 23 de mar\u00e7o de 1935 &#8211; 1967, Albano Luiz Menegati &#8211; 21 de dezembro de 1930 &#8211; 1960, Alcides Dall\u2019alba Scarioti &#8211; 18 de maio de 1934 &#8211; 01 de maio de 1958, Ambr\u00f3sio Maz\u00f3n Cohan &#8211; 02 de fevereiro de 2938 &#8211; 1960, \u00c2ngelo Fantin &#8211; 14 de dezembro de 1927 &#8211; 1950, Ariovaldo Jos\u00e9 Filipini &#8211; 19 de mar\u00e7o de 1946 &#8211; 06 de junho de 1954, Arlindo e S\u00e9rgio Pedersetti &#8211; 10mar37 &#8211; 20mai94 &#8211; 28dez59, Armindo Ecker &#8211; 24 de outubro de 1926 &#8211; 1949, Arno Ign\u00e1cio e Erecilda Etges &#8211; 09 de abril de 1934 &#8211; 12 de agosto de 1936 &#8211; 1966, At\u00edlio e Ivete Ferreira Bueno Martini &#8211; 28 de outubro de 1923 e Aur\u00e9lia Etges Caciatori &#8211; 1957. Programa Destaque, R\u00e1dio 12 de Maio. Casa da Cultura. Reportagem Jos\u00e9 Carlos Krumenaur. Subs\u00eddios Maria Lourdes Schneider, Anair Gava Muraro, Nilza Lazzarotto e Maur\u00edcio Padilha M\u00fcller. Biblioteca Alberto Santos Dumont, S\u00e3o Louren\u00e7o D&#8217;Oeste, Santa Catarina\/SC, Brasil. Postagem Capoeira Mestre Pol\u00eamico &#8211; Professor Jo\u00e3o Couto Teixeira. 21,86 GB. 26 a 30 de dezembro de 1995. HD 720p. MOV.<\/p>\n","protected":false},"author":2,"featured_media":2476,"comment_status":"open","ping_status":"open","sticky":false,"template":"","format":"video","meta":{"footnotes":""},"categories":[4741],"tags":[709,710,685,687,686,684,689,690,705,691,692,693,694,695,696,697,706,43,700,540,704,711,702,688,708,698,699,701,319,707,703],"class_list":["post-2475","post","type-post","status-publish","format-video","has-post-thumbnail","hentry","category-familia","tag-21-86-gb","tag-26-a-30-de-dezembro-de-1995","tag-a","tag-abel-rotta-30-de-agosto-de-1920-julho-de-1952","tag-alaor-geraldo-da-silva-23-de-marco-de-1935-1967","tag-albano-luiz-menegati-21-de-dezembro-de-1930-1960","tag-alcides-dallalba-scarioti-18-de-maio-de-1934-01-de-maio-de-1958","tag-ambrosio-mazon-cohan-02-de-fevereiro-de-2938-1960","tag-anair-gava-muraro","tag-angelo-fantin-14-de-dezembro-de-1927-1950","tag-ariovaldo-jose-filipini-19-de-marco-de-1946-06-de-junho-de-1954","tag-arlindo-e-sergio-pedersetti-10mar37-20mai94-28dez59","tag-armindo-ecker-24-de-outubro-de-1926-1949","tag-arno-ignacio-e-erecilda-etges-09-de-abril-de-1934-12-de-agosto-de-1936-1966","tag-atilio-e-ivete-ferreira-bueno-martini-28-de-outubro-de-1923","tag-aurelia-etges-caciatori-1957","tag-biblioteca-alberto-santos-dumont","tag-brasil","tag-casa-da-cultura","tag-hd-720p","tag-mauricio-padilha-muller","tag-mov","tag-nilza-lazzarotto","tag-pioneirs","tag-postagem-capoeira-mestre-polemico-professor-joao-couto-teixeira","tag-programa-destaque","tag-radio-12-de-maio","tag-reportagem-jose-carlos-krumenaur","tag-santa-catarina-sc","tag-sao-lourenco-doeste","tag-subsidios-maria-lourdes-schneider","post_format-post-format-video"],"_links":{"self":[{"href":"https:\/\/universidadedacapoeira.com\/index.php\/wp-json\/wp\/v2\/posts\/2475","targetHints":{"allow":["GET"]}}],"collection":[{"href":"https:\/\/universidadedacapoeira.com\/index.php\/wp-json\/wp\/v2\/posts"}],"about":[{"href":"https:\/\/universidadedacapoeira.com\/index.php\/wp-json\/wp\/v2\/types\/post"}],"author":[{"embeddable":true,"href":"https:\/\/universidadedacapoeira.com\/index.php\/wp-json\/wp\/v2\/users\/2"}],"replies":[{"embeddable":true,"href":"https:\/\/universidadedacapoeira.com\/index.php\/wp-json\/wp\/v2\/comments?post=2475"}],"version-history":[{"count":2,"href":"https:\/\/universidadedacapoeira.com\/index.php\/wp-json\/wp\/v2\/posts\/2475\/revisions"}],"predecessor-version":[{"id":6288,"href":"https:\/\/universidadedacapoeira.com\/index.php\/wp-json\/wp\/v2\/posts\/2475\/revisions\/6288"}],"wp:featuredmedia":[{"embeddable":true,"href":"https:\/\/universidadedacapoeira.com\/index.php\/wp-json\/wp\/v2\/media\/2476"}],"wp:attachment":[{"href":"https:\/\/universidadedacapoeira.com\/index.php\/wp-json\/wp\/v2\/media?parent=2475"}],"wp:term":[{"taxonomy":"category","embeddable":true,"href":"https:\/\/universidadedacapoeira.com\/index.php\/wp-json\/wp\/v2\/categories?post=2475"},{"taxonomy":"post_tag","embeddable":true,"href":"https:\/\/universidadedacapoeira.com\/index.php\/wp-json\/wp\/v2\/tags?post=2475"}],"curies":[{"name":"wp","href":"https:\/\/api.w.org\/{rel}","templated":true}]}}