{"id":2464,"date":"2020-01-05T09:10:11","date_gmt":"2020-01-05T12:10:11","guid":{"rendered":"http:\/\/universidadedacapoeira.com\/?p=2464"},"modified":"2023-02-09T10:27:54","modified_gmt":"2023-02-09T13:27:54","slug":"tevo-estevao-couto-teixeira-flautas-c-e-g-tamborim-e-chocalho-cristovao-da-silva-bastos-filho-teclado-berval-roberval-mauricio-de-moraes-contrabaixo-acustico-bruno-mancini-teixeira-fla","status":"publish","type":"post","link":"https:\/\/universidadedacapoeira.com\/index.php\/2020\/01\/05\/tevo-estevao-couto-teixeira-flautas-c-e-g-tamborim-e-chocalho-cristovao-da-silva-bastos-filho-teclado-berval-roberval-mauricio-de-moraes-contrabaixo-acustico-bruno-mancini-teixeira-fla\/","title":{"rendered":"Universidade Livre de Estudos Culturais da Capoeira &#8211; Universidade da Capoeira &#8211; UNICAPOEIRA, Instituto de Educa\u00e7\u00e3o Socioambiental &#8211; IESAMBI, Associa\u00e7\u00e3o de Capoeira &#8211; ASCA e Grupo de Capoeira MEIA LUA &#8211; Fundado em 29 de Maio de 1962. T\u00eavo &#8211; Est\u00eav\u00e3o Couto Teixeira &#8211; Flautas C e G, Tamborim e Chocalho: Cristov\u00e3o da Silva Bastos Filho &#8211; Teclado, Berval &#8211; Roberval Maur\u00edcio de Moraes &#8211; Contrabaixo Ac\u00fastico, Bruno Mancini Teixeira &#8211; Flauta C e Capoeira Mestre Pol\u00eamico &#8211; Professor Jo\u00e3o Couto Teixeira &#8211; Pandeiro. Arteria &#8211; F\u00e1brica de Cultura, Rua Chanceler Oswaldo Aranha,  N\u00famero 535, Bairro S\u00e3o Mateus, Juiz de Fora, Minas Gerais\/MG, Brasil. IMG_4198. 8,17 GB. 20h50. 20 de dezembro de 2019. HD 720p."},"content":{"rendered":"\n<figure class=\"wp-block-embed is-type-video is-provider-youtube wp-block-embed-youtube wp-embed-aspect-16-9 wp-has-aspect-ratio\"><div class=\"wp-block-embed__wrapper\">\n<iframe loading=\"lazy\" title=\"Cristov\u00e3o Bastos, Est\u00eav\u00e3o Teixeira e Berval Moraes: Juiz de Fora. IMG_4198, 8.17 GB, 20h50, 20dez19\" width=\"500\" height=\"281\" src=\"https:\/\/www.youtube.com\/embed\/1LDSIj-U_qE?feature=oembed\" frameborder=\"0\" allow=\"accelerometer; autoplay; clipboard-write; encrypted-media; gyroscope; picture-in-picture; web-share\" referrerpolicy=\"strict-origin-when-cross-origin\" allowfullscreen><\/iframe>\n<\/div><\/figure>\n","protected":false},"excerpt":{"rendered":"<p>T\u00eavo &#8211; Est\u00eav\u00e3o Couto Teixeira &#8211; Flautas C e G, Tamborim e Chocalho: Cristov\u00e3o da Silva Bastos Filho &#8211; Teclado, Berval &#8211; Roberval Maur\u00edcio de Moraes &#8211; Contrabaixo Ac\u00fastico, Bruno Mancini Teixeira &#8211; Flauta C e Capoeira Mestre Pol\u00eamico &#8211; Professor Jo\u00e3o Couto Teixeira &#8211; Pandeiro. Arteria &#8211; F\u00e1brica de Cultura, Rua Chanceler Oswaldo Aranha,  N\u00famero 535, Bairro S\u00e3o Mateus, Juiz de Fora, Minas Gerais\/MG, Brasil. IMG_4198. 8,17 GB. 20h50. 20 de dezembro de 2019. HD 720p.<\/p>\n","protected":false},"author":2,"featured_media":2465,"comment_status":"open","ping_status":"open","sticky":false,"template":"","format":"video","meta":{"footnotes":""},"categories":[4727],"tags":[663,652,664,491,446,656,43,657,660,659,540,662,55,42,661,492,658,655],"class_list":["post-2464","post","type-post","status-publish","format-video","has-post-thumbnail","hentry","category-musica","tag-20-de-dezembro-de-2019","tag-20h50","tag-8-17-gb","tag-arteria-fabrica-de-cultura","tag-bairro-sao-mateus","tag-berval-roberval-mauricio-de-moraes-contrabaixo-acustico","tag-brasil","tag-bruno-mancini-teixeira-flauta-c","tag-capoeira-mestre-polemico-professor-joao-couto-teixeira-pandeiro","tag-cristovao-da-silva-bastos-filho-teclado","tag-hd-720p","tag-img_4198","tag-juiz-de-fora","tag-minas-gerais-mg","tag-numero-535","tag-rua-chanceler-oswaldo-aranha","tag-tamborim-e-chocalho","tag-tevo-estevao-couto-teixeira-flautas-c-e-g","post_format-post-format-video"],"_links":{"self":[{"href":"https:\/\/universidadedacapoeira.com\/index.php\/wp-json\/wp\/v2\/posts\/2464","targetHints":{"allow":["GET"]}}],"collection":[{"href":"https:\/\/universidadedacapoeira.com\/index.php\/wp-json\/wp\/v2\/posts"}],"about":[{"href":"https:\/\/universidadedacapoeira.com\/index.php\/wp-json\/wp\/v2\/types\/post"}],"author":[{"embeddable":true,"href":"https:\/\/universidadedacapoeira.com\/index.php\/wp-json\/wp\/v2\/users\/2"}],"replies":[{"embeddable":true,"href":"https:\/\/universidadedacapoeira.com\/index.php\/wp-json\/wp\/v2\/comments?post=2464"}],"version-history":[{"count":2,"href":"https:\/\/universidadedacapoeira.com\/index.php\/wp-json\/wp\/v2\/posts\/2464\/revisions"}],"predecessor-version":[{"id":6291,"href":"https:\/\/universidadedacapoeira.com\/index.php\/wp-json\/wp\/v2\/posts\/2464\/revisions\/6291"}],"wp:featuredmedia":[{"embeddable":true,"href":"https:\/\/universidadedacapoeira.com\/index.php\/wp-json\/wp\/v2\/media\/2465"}],"wp:attachment":[{"href":"https:\/\/universidadedacapoeira.com\/index.php\/wp-json\/wp\/v2\/media?parent=2464"}],"wp:term":[{"taxonomy":"category","embeddable":true,"href":"https:\/\/universidadedacapoeira.com\/index.php\/wp-json\/wp\/v2\/categories?post=2464"},{"taxonomy":"post_tag","embeddable":true,"href":"https:\/\/universidadedacapoeira.com\/index.php\/wp-json\/wp\/v2\/tags?post=2464"}],"curies":[{"name":"wp","href":"https:\/\/api.w.org\/{rel}","templated":true}]}}