{"id":2410,"date":"2019-12-10T08:55:04","date_gmt":"2019-12-10T11:55:04","guid":{"rendered":"http:\/\/universidadedacapoeira.com\/?p=2410"},"modified":"2023-02-09T10:45:41","modified_gmt":"2023-02-09T13:45:41","slug":"orquestra-harmonica-de-berimbaus-peter-faluhelyi-laura-cavalieri-bisio-salete-libardoni-e-christian-cortez-musico-e-tecnico-de-remo-clube-de-remo-brasilia-cassab-distrito-federal-df-brasil-r","status":"publish","type":"post","link":"https:\/\/universidadedacapoeira.com\/index.php\/2019\/12\/10\/orquestra-harmonica-de-berimbaus-peter-faluhelyi-laura-cavalieri-bisio-salete-libardoni-e-christian-cortez-musico-e-tecnico-de-remo-clube-de-remo-brasilia-cassab-distrito-federal-df-brasil-r\/","title":{"rendered":"Universidade Livre de Estudos Culturais da Capoeira &#8211; Universidade da Capoeira &#8211; UNICAPOEIRA, Instituto de Educa\u00e7\u00e3o Socioambiental &#8211; IESAMBI, Associa\u00e7\u00e3o de Capoeira &#8211; ASCA e Grupo de Capoeira MEIA LUA &#8211; Fundado em 29 de Maio de 1962: Peter Faluhelyi, Laura Cavalieri Bisio, Salete Libardoni e Christian Cortez M\u00fasico e T\u00e9cnico de Remo. Clube de Remo Bras\u00edlia &#8211; CASSAB, Distrito Federal\/DF,  Brasil. Registro de Capoeira Mestre Pol\u00eamico &#8211; Professor Jo\u00e3o Couto Teixeira. IMG_1258. 7,87 GB. 10h29. 15 de outubro de 2019."},"content":{"rendered":"\n<figure class=\"wp-block-embed is-type-video is-provider-youtube wp-block-embed-youtube wp-embed-aspect-16-9 wp-has-aspect-ratio\"><div class=\"wp-block-embed__wrapper\">\n<iframe loading=\"lazy\" title=\"Orquestra Harm\u00f4nica de Berimbaus: Peter Faluhelyi e Laura Bisio. IMG_1258. 7,87 GB. 10h29. 15out19\" width=\"500\" height=\"281\" src=\"https:\/\/www.youtube.com\/embed\/juh4SKXf3bA?feature=oembed\" frameborder=\"0\" allow=\"accelerometer; autoplay; clipboard-write; encrypted-media; gyroscope; picture-in-picture; web-share\" referrerpolicy=\"strict-origin-when-cross-origin\" allowfullscreen><\/iframe>\n<\/div><\/figure>\n","protected":false},"excerpt":{"rendered":"<p>Orquestra Harm\u00f4nica de Berimbaus: Peter Faluhelyi, Laura Cavalieri Bisio, Salete Libardoni e Christian Cortez M\u00fasico e T\u00e9cnico de Remo. Clube de Remo Bras\u00edlia &#8211; CASSAB, Distrito Federal\/DF,  Brasil. Registro de Capoeira Mestre Pol\u00eamico &#8211; Professor Jo\u00e3o Couto Teixeira. IMG_1258. 7,87 GB. 10h29. 15 de outubro de 2019.<\/p>\n","protected":false},"author":2,"featured_media":2411,"comment_status":"open","ping_status":"open","sticky":false,"template":"","format":"video","meta":{"footnotes":""},"categories":[4676],"tags":[580,581,578,43,576,577,241,579,255,247,135,519,575],"class_list":["post-2410","post","type-post","status-publish","format-video","has-post-thumbnail","hentry","category-orquestra-harmonica-de-berimbaus","tag-10h29","tag-15-de-outubro-de-2019","tag-7-87-gb","tag-brasil","tag-christian-cortez-musico-e-tecnico-de-remo","tag-clube-de-remo-brasilia-cassab","tag-distrito-federal-df","tag-img_1258","tag-laura-cavalieri-bisio","tag-orquestra-harmonica-de-berimbaus","tag-peter-faluhelyi","tag-registro-de-capoeira-mestre-polemico-professor-joao-couto-teixeira","tag-salete-libardoni","post_format-post-format-video"],"_links":{"self":[{"href":"https:\/\/universidadedacapoeira.com\/index.php\/wp-json\/wp\/v2\/posts\/2410","targetHints":{"allow":["GET"]}}],"collection":[{"href":"https:\/\/universidadedacapoeira.com\/index.php\/wp-json\/wp\/v2\/posts"}],"about":[{"href":"https:\/\/universidadedacapoeira.com\/index.php\/wp-json\/wp\/v2\/types\/post"}],"author":[{"embeddable":true,"href":"https:\/\/universidadedacapoeira.com\/index.php\/wp-json\/wp\/v2\/users\/2"}],"replies":[{"embeddable":true,"href":"https:\/\/universidadedacapoeira.com\/index.php\/wp-json\/wp\/v2\/comments?post=2410"}],"version-history":[{"count":2,"href":"https:\/\/universidadedacapoeira.com\/index.php\/wp-json\/wp\/v2\/posts\/2410\/revisions"}],"predecessor-version":[{"id":6305,"href":"https:\/\/universidadedacapoeira.com\/index.php\/wp-json\/wp\/v2\/posts\/2410\/revisions\/6305"}],"wp:featuredmedia":[{"embeddable":true,"href":"https:\/\/universidadedacapoeira.com\/index.php\/wp-json\/wp\/v2\/media\/2411"}],"wp:attachment":[{"href":"https:\/\/universidadedacapoeira.com\/index.php\/wp-json\/wp\/v2\/media?parent=2410"}],"wp:term":[{"taxonomy":"category","embeddable":true,"href":"https:\/\/universidadedacapoeira.com\/index.php\/wp-json\/wp\/v2\/categories?post=2410"},{"taxonomy":"post_tag","embeddable":true,"href":"https:\/\/universidadedacapoeira.com\/index.php\/wp-json\/wp\/v2\/tags?post=2410"}],"curies":[{"name":"wp","href":"https:\/\/api.w.org\/{rel}","templated":true}]}}