{"id":1396,"date":"2019-11-24T21:22:56","date_gmt":"2019-11-25T00:22:56","guid":{"rendered":"http:\/\/universidadedacapoeira.com\/?p=1396"},"modified":"2023-02-09T15:52:12","modified_gmt":"2023-02-09T18:52:12","slug":"unicapoeira-grupo-zabele-14o-batizado-juiz-de-fora-brasil-img_1722-1134-gb-09h23-27out19","status":"publish","type":"post","link":"https:\/\/universidadedacapoeira.com\/index.php\/2019\/11\/24\/unicapoeira-grupo-zabele-14o-batizado-juiz-de-fora-brasil-img_1722-1134-gb-09h23-27out19\/","title":{"rendered":"Universidade Livre de Estudos Culturais da Capoeira &#8211; Universidade da Capoeira &#8211; UNICAPOEIRA, Instituto de Educa\u00e7\u00e3o Socioambiental &#8211; IESAMBI, Associa\u00e7\u00e3o de Capoeira &#8211; ASCA e Grupo de Capoeira MEIA LUA &#8211; Fundado em 29 de Maio de 1962. UNICAPOEIRA: Grupo Zabel\u00ea &#8211; 14\u00ba Batizado. Mestre Haron Cris\u00f3stomo Casta\u00f1on Mattos e Contramestres Marko Neg\u00e3o &#8211; Marco Ant\u00f4nio Clemente do Nascimento e Pigmeu &#8211; Fernando Gaudereto de Virg\u00edlio. Juiz de Fora, Minas Gerais\/MG, Brasil. Registro de Capoeira Mestre Pol\u00eamico &#8211; Professor Jo\u00e3o Couto Teixeira. IMG_1722. 11,34 GB. 09h23. 27 de outubro de 2019."},"content":{"rendered":"\n<figure class=\"wp-block-embed is-type-video is-provider-youtube wp-block-embed-youtube wp-embed-aspect-16-9 wp-has-aspect-ratio\"><div class=\"wp-block-embed__wrapper\">\n<iframe loading=\"lazy\" title=\"UNICAPOEIRA: Grupo Zabel\u00ea - 14\u00ba Batizado. Juiz de Fora, Brasil. IMG_1722. 11,34 GB. 09h23. 27out19\" width=\"500\" height=\"281\" src=\"https:\/\/www.youtube.com\/embed\/Aws5F9R2QUM?feature=oembed\" frameborder=\"0\" allow=\"accelerometer; autoplay; clipboard-write; encrypted-media; gyroscope; picture-in-picture; web-share\" referrerpolicy=\"strict-origin-when-cross-origin\" allowfullscreen><\/iframe>\n<\/div><\/figure>\n","protected":false},"excerpt":{"rendered":"<p>Universidade Livre de Estudos Culturais da Capoeira &#8211; Universidade da Capoeira &#8211; UNICAPOEIRA: Grupo de Capoeira Zabel\u00ea &#8211; 14\u00ba Batizado. Mestre Haron Cris\u00f3stomo Casta\u00f1on Mattos, Contramestres Marko Neg\u00e3o &#8211; Marco Ant\u00f4nio Clemente do Nascimento e Pigmeu &#8211; Fernando Gaudereto de Virg\u00edlio. Rua 21 de Abril, N\u00famero 313, Centro Esportivo Col\u00e9gio Equipe, C\u00f3digo de Endere\u00e7amento Postal &#8211; CEP 36.016-030, Bairro S\u00e3o Mateus, Juiz de Fora, Minas Gerais\/MG, Brasil. Registro de Capoeira Mestre Pol\u00eamico &#8211; Professor Jo\u00e3o Couto Teixeira. IMG_1722. 11,34 GB. 09h23. 27 de outubro de 2019.<\/p>\n","protected":false},"author":2,"featured_media":2158,"comment_status":"open","ping_status":"open","sticky":false,"template":"","format":"video","meta":{"footnotes":""},"categories":[4729],"tags":[450,449,104,105,446,43,102,103,100,101,35,447,448,55,42,445,411],"class_list":["post-1396","post","type-post","status-publish","format-video","has-post-thumbnail","hentry","category-capoeira","tag-09h23","tag-11-34-gb","tag-14o-batizado-do-grupo-de-capoeira-zabele","tag-27-de-outrubro-de-2019","tag-bairro-sao-mateus","tag-brasil","tag-capoeira-contramestre-marko-negao-marco-antonio-clemente-do-nascimento","tag-capoeira-contramestre-pigmeu-fernando-gaudereto-de-virgilio","tag-capoeira-grupo-zabele","tag-capoeira-mestre-haron-crisostomo-castanon-mattos","tag-capoeira-mestre-polemico-professor-joao-couto-teixeira","tag-cep-36-016030","tag-img_1722","tag-juiz-de-fora","tag-minas-gerais-mg","tag-rua-21-de-abril-numero-313","tag-universidade-livre-de-estudos-culturais-da-capoeira-universidade-da-capoeira-unicapoeira","post_format-post-format-video"],"_links":{"self":[{"href":"https:\/\/universidadedacapoeira.com\/index.php\/wp-json\/wp\/v2\/posts\/1396","targetHints":{"allow":["GET"]}}],"collection":[{"href":"https:\/\/universidadedacapoeira.com\/index.php\/wp-json\/wp\/v2\/posts"}],"about":[{"href":"https:\/\/universidadedacapoeira.com\/index.php\/wp-json\/wp\/v2\/types\/post"}],"author":[{"embeddable":true,"href":"https:\/\/universidadedacapoeira.com\/index.php\/wp-json\/wp\/v2\/users\/2"}],"replies":[{"embeddable":true,"href":"https:\/\/universidadedacapoeira.com\/index.php\/wp-json\/wp\/v2\/comments?post=1396"}],"version-history":[{"count":4,"href":"https:\/\/universidadedacapoeira.com\/index.php\/wp-json\/wp\/v2\/posts\/1396\/revisions"}],"predecessor-version":[{"id":6451,"href":"https:\/\/universidadedacapoeira.com\/index.php\/wp-json\/wp\/v2\/posts\/1396\/revisions\/6451"}],"wp:featuredmedia":[{"embeddable":true,"href":"https:\/\/universidadedacapoeira.com\/index.php\/wp-json\/wp\/v2\/media\/2158"}],"wp:attachment":[{"href":"https:\/\/universidadedacapoeira.com\/index.php\/wp-json\/wp\/v2\/media?parent=1396"}],"wp:term":[{"taxonomy":"category","embeddable":true,"href":"https:\/\/universidadedacapoeira.com\/index.php\/wp-json\/wp\/v2\/categories?post=1396"},{"taxonomy":"post_tag","embeddable":true,"href":"https:\/\/universidadedacapoeira.com\/index.php\/wp-json\/wp\/v2\/tags?post=1396"}],"curies":[{"name":"wp","href":"https:\/\/api.w.org\/{rel}","templated":true}]}}